{"id":2243,"date":"2012-12-18T16:37:16","date_gmt":"2012-12-18T14:37:16","guid":{"rendered":"https:\/\/yescoaching.kod.jil.mybluehost.me\/blog\/?p=2243"},"modified":"2012-12-18T16:52:34","modified_gmt":"2012-12-18T14:52:34","slug":"da-cosa-e-scaturita-questa-luttuosa-profezia-maya","status":"publish","type":"post","link":"https:\/\/www.yescoaching.com\/blog\/2012\/12\/18\/da-cosa-e-scaturita-questa-luttuosa-profezia-maya\/","title":{"rendered":"Da cosa \u00e8 scaturita questa luttuosa profezia Maya?"},"content":{"rendered":"<p><span style=\"font-size: small;\"><span style=\"font-family: tahoma,arial,helvetica,sans-serif;\"><a href=\"https:\/\/yescoaching.kod.jil.mybluehost.me\/blog\/wp-content\/uploads\/2012\/12\/maya.jpg\"><img decoding=\"async\" loading=\"lazy\" class=\"alignleft size-medium wp-image-2245\" title=\"maya\" src=\"https:\/\/yescoaching.kod.jil.mybluehost.me\/blog\/wp-content\/uploads\/2012\/12\/maya-192x300.jpg\" alt=\"\" width=\"192\" height=\"300\" srcset=\"https:\/\/yescoaching.com\/blog\/wp-content\/uploads\/2012\/12\/maya-192x300.jpg 192w, https:\/\/yescoaching.com\/blog\/wp-content\/uploads\/2012\/12\/maya.jpg 256w\" sizes=\"(max-width: 192px) 100vw, 192px\" \/><\/a>Alcune persone chiedono da cosa sia scaturita questa profezia luttuosa proveniente dalla civilt\u00e0 dei Maya, che dice che il 21-12-2012 (pi\u00f9 o meno&#8230; ora!), il <\/span><\/span><span style=\"font-size: small;\"><span style=\"font-family: tahoma,arial,helvetica,sans-serif;\">mondo sar\u00e0 cancellato.<\/span><\/span><\/p>\n<p><span style=\"font-size: small;\"><span style=\"font-family: tahoma,arial,helvetica,sans-serif;\">Iniziamo con il dire che questa profezia \u00e8 legata ad un allineamento astronomico. Il 21 dicembre il sole sar\u00e0 allineato con il centro della Via Lattea; un evento molto <\/span><\/span><span style=\"font-size: small;\"><span style=\"font-family: tahoma,arial,helvetica,sans-serif;\">raro che si verifica ogni 26mila anni. Contemporaneamente la Terra, in questo solstizio d&#8217;inverno, termina un giro intorno al suo asse (questo fenomeno si chiama <\/span><\/span><span style=\"font-size: small;\"><span style=\"font-family: tahoma,arial,helvetica,sans-serif;\">precessione).<\/span><\/span><\/p>\n<p><span style=\"font-size: small;\"><span style=\"font-family: tahoma,arial,helvetica,sans-serif;\">Per i Maya questo momento storico aveva un significato preciso, in quanto gli derivava dalla mitologia, nella lotta tra il bene e il male. Ma il loro modo di vedere gli <\/span><\/span><span style=\"font-size: small;\"><span style=\"font-family: tahoma,arial,helvetica,sans-serif;\">eventi era decisamente lontano dal nostro attuale.<\/span><\/span><\/p>\n<p><span style=\"font-size: small;\"><span style=\"font-family: tahoma,arial,helvetica,sans-serif;\">In fondo i Maya conoscevano la loro realt\u00e0 culturale&#8230; che \u00e8 finita molto tempo prima, rispetto alla loro &#8220;profezia&#8221; attuale! Il loro fu un&#8217;abbandono repentino e&#8230; la <\/span><\/span><span style=\"font-size: small;\"><span style=\"font-family: tahoma,arial,helvetica,sans-serif;\">loro civilt\u00e0 fin\u00ec. L&#8217;avevano previsto?<\/span><\/span><\/p>\n<p><span style=\"font-size: small;\"><span style=\"font-family: tahoma,arial,helvetica,sans-serif;\">Diciamecela tutta: non \u00e8 che i Maya siano qui a spiegarci le loro teorie. Sono tutte interpretazioni di disegni e testi poco chiari per noi, nei quali, pi\u00f9 di 2000 anni <\/span><\/span><span style=\"font-size: small;\"><span style=\"font-family: tahoma,arial,helvetica,sans-serif;\">fa, scrissero che &#8220;il 21-12-2012 sarebbe iniziata una nuova era&#8221;. Certo, erano dei geni sull&#8217;astronomia, ma quante interpretazioni abbiamo vissuto fino ad oggi, che <\/span><\/span><span style=\"font-size: small;\"><span style=\"font-family: tahoma,arial,helvetica,sans-serif;\">immaginavano una catastrofe immediata?<\/span><\/span><\/p>\n<p><span style=\"font-size: small;\"><span style=\"font-family: tahoma,arial,helvetica,sans-serif;\">Potremmo ipotizzare che invece questo momento segni l&#8217;inizio di un periodo differente dal passato, dopo il termine di un ciclo durato 5.125 anni?<\/span><\/span><\/p>\n<p><span style=\"font-size: small;\"><span style=\"font-family: tahoma,arial,helvetica,sans-serif;\">Ricordati che la divulgazione della paura e del terrore via internet e televisione &#8220;paga&#8221; di pi\u00f9 rispetto a dimostrazioni di armonia e serenit\u00e0&#8230; e certamente i media <\/span><\/span><span style=\"font-size: small;\"><span style=\"font-family: tahoma,arial,helvetica,sans-serif;\">&#8220;sguazzano&#8221; in questo senso.<\/span><\/span><\/p>\n<p><span style=\"font-size: small;\"><span style=\"font-family: tahoma,arial,helvetica,sans-serif;\"><strong>Tra l&#8217;altro, sai che il calendario Maya non termina nel 2012?\u00a0 Il loro ciclo n. 14 viene dopo quella data.<\/strong><\/span><\/span><\/p>\n<p><span style=\"font-size: small;\"><span style=\"font-family: tahoma,arial,helvetica,sans-serif;\">Proviamo quindi oggi a guardare a questo giorno in maniera diversa da loro, in maniera pi\u00f9 positiva. Decidiamo noi cosa vogliamo che cambi in meglio nella <\/span><\/span><span style=\"font-size: small;\"><span style=\"font-family: tahoma,arial,helvetica,sans-serif;\">nostra vita.<\/span><\/span><\/p>\n<p style=\"text-align: right;\"><span style=\"font-size: small;\"><span style=\"font-family: tahoma,arial,helvetica,sans-serif;\"><a href=\"https:\/\/yescoaching.kod.jil.mybluehost.me\/blog\/2012\/12\/18\/meditazione-2012-attenzione-al-come\/\">(continua)<\/a><\/span><\/span><\/p>\n","protected":false},"excerpt":{"rendered":"<p>Alcune persone chiedono da cosa sia scaturita questa profezia luttuosa proveniente dalla civilt\u00e0 dei Maya, che dice che il 21-12-2012 (pi\u00f9 o meno&#8230; ora!), il mondo sar\u00e0 cancellato. Iniziamo con il dire che questa profezia \u00e8 legata ad un allineamento astronomico. Il 21 dicembre il sole sar\u00e0 allineato con il centro della Via Lattea; un [&hellip;]<\/p>\n","protected":false},"author":6,"featured_media":0,"comment_status":"open","ping_status":"open","sticky":false,"template":"","format":"standard","meta":[],"categories":[10],"tags":[806,831,807,832,830,829,828],"aioseo_notices":[],"_links":{"self":[{"href":"https:\/\/www.yescoaching.com\/blog\/wp-json\/wp\/v2\/posts\/2243"}],"collection":[{"href":"https:\/\/www.yescoaching.com\/blog\/wp-json\/wp\/v2\/posts"}],"about":[{"href":"https:\/\/www.yescoaching.com\/blog\/wp-json\/wp\/v2\/types\/post"}],"author":[{"embeddable":true,"href":"https:\/\/www.yescoaching.com\/blog\/wp-json\/wp\/v2\/users\/6"}],"replies":[{"embeddable":true,"href":"https:\/\/www.yescoaching.com\/blog\/wp-json\/wp\/v2\/comments?post=2243"}],"version-history":[{"count":0,"href":"https:\/\/www.yescoaching.com\/blog\/wp-json\/wp\/v2\/posts\/2243\/revisions"}],"wp:attachment":[{"href":"https:\/\/www.yescoaching.com\/blog\/wp-json\/wp\/v2\/media?parent=2243"}],"wp:term":[{"taxonomy":"category","embeddable":true,"href":"https:\/\/www.yescoaching.com\/blog\/wp-json\/wp\/v2\/categories?post=2243"},{"taxonomy":"post_tag","embeddable":true,"href":"https:\/\/www.yescoaching.com\/blog\/wp-json\/wp\/v2\/tags?post=2243"}],"curies":[{"name":"wp","href":"https:\/\/api.w.org\/{rel}","templated":true}]}}