{"id":1879,"date":"2012-01-13T15:58:48","date_gmt":"2012-01-13T13:58:48","guid":{"rendered":"https:\/\/yescoaching.kod.jil.mybluehost.me\/blog\/?p=1879"},"modified":"2021-09-22T21:46:08","modified_gmt":"2021-09-22T19:46:08","slug":"inizia-a-cambiare-da-qui-oggi-attraverso-il-pensiero","status":"publish","type":"post","link":"https:\/\/www.yescoaching.com\/blog\/2012\/01\/13\/inizia-a-cambiare-da-qui-oggi-attraverso-il-pensiero\/","title":{"rendered":"Inizia a cambiare da qui, oggi, usando il tuo pensiero!"},"content":{"rendered":"<p>Da tempo ho suggerito nei nostri incontri in aula e attraverso questo <a href=\"https:\/\/www.yescoaching.com\/blog\/\">blog<\/a> <strong>l&#8217;importanza di modificare i nostri pensieri e quanto questi influenzano il nostro modo di vivere la nostra vita.<br \/>\n<\/strong>Sin dall&#8217;adolescenza sono sempre stata affascinata dalla <strong>forza del pensiero collettivo<\/strong> e la mia sete di sapere spazia su molti testi, alcuni dei quali trovi nella parte destra di questo blog, sotto voci diverse (&#8220;libri&#8230; con una marcia in pi\u00f9&#8221;, &#8220;dvd da non perdere&#8221;,&#8221;video utili&#8230;&#8221;etc).<\/p>\n<p>Amo seguire studi, corsi e conferenze di scienziati che mostrano le potenzialit\u00e0 del nostro cervello, del nostro subconscio, della potenza della nostra mente&#8230;\u00a0 Si pu\u00f2 essere d&#8217;accordo o meno con ci\u00f2 che comunicano gli scienziati in giro per il mondo, ma per decidere se si \u00e8 concordi o meno, occorre ascoltare.<\/p>\n<p>In una di queste conferenza Gregg Braden ha mostrato un grafico inviato da uno dei tanti satelliti posizionati e stanziali\u00a0 in orbita sull&#8217;emisfero settentrionale. Questo in particolare \u00e8 situato a circa 35 mila km dalla superficie terrestre, il suo nome \u00e8\u00a0 <a href=\"http:\/\/www.grc.nasa.gov\/WWW\/k-12\/TRC\/laefs\/laefs_g.html#GEOS\" target=\"_blank\" rel=\"noopener noreferrer\">Geostationary Operational Environmental Satellite (GOES).<\/a><\/p>\n<p>Ogni 30 minuti\u00a0questi satelliti\u00a0inviano ad alcuni scienziati una lettura di grafici, che mostrano un costante ritmo del campo magnetico terrestre.<\/p>\n<p><a href=\"https:\/\/yescoaching.kod.jil.mybluehost.me\/blog\/wp-content\/uploads\/2012\/01\/grafico-magnetismo-terrestre-2001.jpg\"><img decoding=\"async\" loading=\"lazy\" class=\"aligncenter size-full wp-image-1882\" title=\"grafico magnetismo terrestre 2001_ Gregg Braden. Roger Nelson della Princeton University \" src=\"https:\/\/yescoaching.kod.jil.mybluehost.me\/blog\/wp-content\/uploads\/2012\/01\/grafico-magnetismo-terrestre-2001.jpg\" alt=\"yes coaching blog: magnetometri (satelliti meteorologici nello spazio) della National Oceanic and Atmospheric Administration (NOAA) usati per misurare le fluttuazioni del campo magnetico terrestre\" width=\"500\" height=\"309\" srcset=\"https:\/\/yescoaching.com\/blog\/wp-content\/uploads\/2012\/01\/grafico-magnetismo-terrestre-2001.jpg 500w, https:\/\/yescoaching.com\/blog\/wp-content\/uploads\/2012\/01\/grafico-magnetismo-terrestre-2001-300x185.jpg 300w\" sizes=\"(max-width: 500px) 100vw, 500px\" \/><\/a><\/p>\n<p>In un momento storico realmente drammatico, l&#8217;11 settembre 2001, si \u00e8 improvvisamente notato ( e nell&#8217;immagine sopra si pu\u00f2 osservare questo dato) che <strong>durante gli attacchi terroristici al World US Trade Center, il campo magnetico ha avuto un picco davvero inusuale(*).<\/strong><\/p>\n<p>Da qui \u00e8 nata un&#8217;ipotesi suggestiva, che vale la pena conoscere e che Roger Nelson e il suo team della Princeton University cercano di replicare. Ognuno di noi, ogni aspetto della terra e dei suoi abitanti, \u00e8 collegato ad un\u00a0campo unificato che pu\u00f2 sollecitare mutazioni\u00a0del campo magnetico terrestre. Le scoperte di questo team di studiosi hanno fornito prove convincenti che <strong>la coscienza umana e <em>le nostre emozioni<\/em> possano interagire con un campo globale elettromagnetico, attraverso un Campo Unificato\u00a0nel quale siamo tutti immersi<\/strong>\u00a0(proprio\u00a0quello che Deepak Chopra e molti altri divulgano da tempo definendolo <a href=\"http:\/\/en.wikipedia.org\/wiki\/Unified_field_theory\" target=\"_blank\" rel=\"noopener noreferrer\"><em>l\u2019Unified quantum field<\/em><\/a>!)<\/p>\n<p>E&#8217; un&#8217;ipotesi da condividere il pi\u00f9 possibile!!!<\/p>\n<p>Questi studi si stanno approfondendo sempre di pi\u00f9 e mostrano che anche durante il capodanno, per fasce orarie, ci siano picchi inusuali rilevati nel campo magnetico terrestre. Trovi molte indicazioni su questo argomento e sulla <a href=\"https:\/\/yescoaching.kod.jil.mybluehost.me\/blog\/2016\/05\/03\/lenergia-del-tuo-cuore\/\" target=\"_blank\" rel=\"noopener noreferrer\">misurazione della Coherence<\/a> sul sito\u00a0<a href=\"https:\/\/www.heartmath.org\/\" target=\"_blank\" rel=\"noopener noreferrer\">https:\/\/www.heartmath.org\/<\/a><\/p>\n<p>Gi\u00e0 dal lontano\u00a01993\u00a0erano stati effettuati studi nella citt\u00e0 di Washington, nella quale erano state riunite 4000 persone per quasi 2 mesi, poste in meditazione, quindi con sentimenti positivi, \u00a0con l&#8217;obiettivo di far diminuire i crimini\u00a0nella citt\u00e0.\u00a0 Le misurazioni, in quel caso, furono rilevate secondo le procedure standard dell&#8217;FBI, perch\u00e8 fossero scientificamente riconosciute. L&#8217;esperimento\u00a0ebbe un notevole risultato positivo, davanti agli occhi increduli, inizialmente, della polizia locale!<br \/>\n<strong>Secondo questa teoria, noi possiamo modificare il NOSTRO campo unificato, quello nel quale siamo immersi, connettendoci in tante persone, in modalit\u00e0 differenti, focalizzate su pensieri strettamente legati ad emozioni. Se positive o negative, per il campo non \u00e8 importante: vengono comunque alterati i valori di misurazione del Campo Magnetico Terrestre.<\/strong><\/p>\n<p><strong>Ricorda che\u00a0il <\/strong><a href=\"http:\/\/www.ilgiardinodeilibri.it\/dvd-video\/__la-profonda-verita-dvd.php?pn=2358\"><strong>Dvd &#8220;La Profonda Verit\u00e0&#8221;<\/strong><\/a>\u00a0 riporta integralmente <strong>la conferenza di Gregg Braden<\/strong> (!).<br \/>\nHo usato il mio tempo libero \u00a0per ascoltarlo con piacere, sentendo e risentendo ci\u00f2 che diceva &#8220;tra le righe&#8221; o esplicitamente.<\/p>\n<p>Invito molti altri ad ascoltare la sua <a href=\"https:\/\/www.heartmath.org\/gci\/\">proposta di diventare un&#8217;unica famiglia mondiale<\/a> e quindi divulgo <a href=\"http:\/\/www.ilgiardinodeilibri.it\/dvd-video\/__la-profonda-verita-dvd.php?pn=2358\" target=\"_blank\" rel=\"noopener noreferrer\">questo video <\/a>con senso di condivisione.<\/p>\n<p>Nel <a href=\"https:\/\/percorsi.alessandravicario.com\/master-online-detox-profondo\" class=\"broken_link\">nostro prossimo incontro<\/a> parleremo molto di questi argomenti e di come divenare tu stesso autore della tua vita.<\/p>\n<p><a href=\"http:\/\/www.alessandravicario.com\">Alessandra Vicario<\/a><\/p>\n<p><em>(*) dati raccolti da magnetometri (satelliti meteorologici nello spazio) della National Oceanic and Atmospheric Administration (NOAA) usati per misurare le fluttuazioni del campo magnetico terrestre che sembra potenzialmente riflettano un&#8217;onda emotiva di stress generata dalla massa di esseri umani che erano arrabbiati e impauriti\u00a0nel 2001 durante l&#8217;attacco alle torri gemelle\u00a0(vedi Figura).<\/em><\/p>\n","protected":false},"excerpt":{"rendered":"<p>Da tempo ho suggerito nei nostri incontri in aula e attraverso questo blog l&#8217;importanza di modificare i nostri pensieri e quanto questi influenzano il nostro modo di vivere la nostra vita. Sin dall&#8217;adolescenza sono sempre stata affascinata dalla forza del pensiero collettivo e la mia sete di sapere spazia su molti testi, alcuni dei quali [&hellip;]<\/p>\n","protected":false},"author":6,"featured_media":0,"comment_status":"open","ping_status":"open","sticky":false,"template":"","format":"standard","meta":[],"categories":[35],"tags":[742,743,750,748,476,751,752,749,753,747,746,745,744],"aioseo_notices":[],"_links":{"self":[{"href":"https:\/\/www.yescoaching.com\/blog\/wp-json\/wp\/v2\/posts\/1879"}],"collection":[{"href":"https:\/\/www.yescoaching.com\/blog\/wp-json\/wp\/v2\/posts"}],"about":[{"href":"https:\/\/www.yescoaching.com\/blog\/wp-json\/wp\/v2\/types\/post"}],"author":[{"embeddable":true,"href":"https:\/\/www.yescoaching.com\/blog\/wp-json\/wp\/v2\/users\/6"}],"replies":[{"embeddable":true,"href":"https:\/\/www.yescoaching.com\/blog\/wp-json\/wp\/v2\/comments?post=1879"}],"version-history":[{"count":0,"href":"https:\/\/www.yescoaching.com\/blog\/wp-json\/wp\/v2\/posts\/1879\/revisions"}],"wp:attachment":[{"href":"https:\/\/www.yescoaching.com\/blog\/wp-json\/wp\/v2\/media?parent=1879"}],"wp:term":[{"taxonomy":"category","embeddable":true,"href":"https:\/\/www.yescoaching.com\/blog\/wp-json\/wp\/v2\/categories?post=1879"},{"taxonomy":"post_tag","embeddable":true,"href":"https:\/\/www.yescoaching.com\/blog\/wp-json\/wp\/v2\/tags?post=1879"}],"curies":[{"name":"wp","href":"https:\/\/api.w.org\/{rel}","templated":true}]}}